{"id":4497,"date":"2020-12-28T17:30:00","date_gmt":"2020-12-28T16:30:00","guid":{"rendered":"https:\/\/easysyndic.be\/algemene-vergaderingen-op-afstand-welke-organisatie\/"},"modified":"2025-04-24T19:31:51","modified_gmt":"2025-04-24T17:31:51","slug":"algemene-vergaderingen-op-afstand-welke-organisatie","status":"publish","type":"post","link":"https:\/\/easysyndic.be\/nl\/blog\/2020\/12\/28\/algemene-vergaderingen-op-afstand-welke-organisatie\/","title":{"rendered":"Algemene vergaderingen op afstand: welke organisatie?"},"content":{"rendered":"","protected":false},"excerpt":{"rendered":"<p>De verschillende beperkingen die in Belgi\u00eb zijn opgelegd ter bestrijding van Covid-19 hebben het houden van algemene vergaderingen van mede-eigendommen sterk verstoord. Er moeten echter besluiten worden genomen en de&hellip;<\/p>\n","protected":false},"author":1,"featured_media":966,"comment_status":"closed","ping_status":"closed","sticky":false,"template":"","format":"standard","meta":{"_acf_changed":false,"footnotes":""},"categories":[460],"class_list":["post-4497","post","type-post","status-publish","format-standard","has-post-thumbnail","hentry","category-legaal"],"acf":[],"yoast_head":"<!-- This site is optimized with the Yoast SEO plugin v27.5 - https:\/\/yoast.com\/product\/yoast-seo-wordpress\/ -->\n<title>Algemene vergaderingen op afstand: welke organisatie? - Easy Syndic<\/title>\n<meta name=\"description\" content=\"De Covid-19-beperkingen in Belgi\u00eb hebben het houden van algemene vergaderingen van mede-eigendommen bemoeilijkt.\" \/>\n<meta name=\"robots\" content=\"index, follow, max-snippet:-1, max-image-preview:large, max-video-preview:-1\" \/>\n<link rel=\"canonical\" href=\"https:\/\/easysyndic.be\/nl\/blog\/2020\/12\/28\/algemene-vergaderingen-op-afstand-welke-organisatie\/\" \/>\n<meta property=\"og:locale\" content=\"nl_BE\" \/>\n<meta property=\"og:type\" content=\"article\" \/>\n<meta property=\"og:title\" content=\"Enseigne commerciale sur la fa\u00e7ade d&#039;une copropri\u00e9t\u00e9 : comment faire ?\" \/>\n<meta property=\"og:description\" content=\"De Covid-19-beperkingen in Belgi\u00eb hebben het houden van algemene vergaderingen van mede-eigendommen bemoeilijkt.\" \/>\n<meta property=\"og:url\" content=\"https:\/\/easysyndic.be\/nl\/blog\/2020\/12\/28\/algemene-vergaderingen-op-afstand-welke-organisatie\/\" \/>\n<meta property=\"og:site_name\" content=\"Easy Syndic\" \/>\n<meta property=\"article:publisher\" content=\"https:\/\/www.facebook.com\/easysyndic\/?locale=fr_FR\" \/>\n<meta property=\"article:published_time\" content=\"2020-12-28T16:30:00+00:00\" \/>\n<meta property=\"article:modified_time\" content=\"2025-04-24T17:31:51+00:00\" \/>\n<meta property=\"og:image\" content=\"https:\/\/easysyndic.be\/wp-content\/uploads\/2025\/03\/Algemene-Vergadering-van-de-mede-eigendom-op-afstand.jpg\" \/>\n\t<meta property=\"og:image:width\" content=\"1024\" \/>\n\t<meta property=\"og:image:height\" content=\"683\" \/>\n\t<meta property=\"og:image:type\" content=\"image\/jpeg\" \/>\n<meta name=\"author\" content=\"cecilehabran\" \/>\n<meta name=\"twitter:card\" content=\"summary_large_image\" \/>\n<meta name=\"twitter:title\" content=\"Enseigne commerciale sur la fa\u00e7ade d&#039;une copropri\u00e9t\u00e9 : comment faire ?\" \/>\n<meta name=\"twitter:label1\" content=\"Geschreven door\" \/>\n\t<meta name=\"twitter:data1\" content=\"cecilehabran\" \/>\n<script type=\"application\/ld+json\" class=\"yoast-schema-graph\">{\"@context\":\"https:\\\/\\\/schema.org\",\"@graph\":[{\"@type\":\"Article\",\"@id\":\"https:\\\/\\\/easysyndic.be\\\/nl\\\/blog\\\/2020\\\/12\\\/28\\\/algemene-vergaderingen-op-afstand-welke-organisatie\\\/#article\",\"isPartOf\":{\"@id\":\"https:\\\/\\\/easysyndic.be\\\/nl\\\/blog\\\/2020\\\/12\\\/28\\\/algemene-vergaderingen-op-afstand-welke-organisatie\\\/\"},\"author\":{\"name\":\"cecilehabran\",\"@id\":\"https:\\\/\\\/easysyndic.be\\\/nl\\\/#\\\/schema\\\/person\\\/fea918d4a881a7ecf3c03b95dd623ba9\"},\"headline\":\"Algemene vergaderingen op afstand: welke organisatie?\",\"datePublished\":\"2020-12-28T16:30:00+00:00\",\"dateModified\":\"2025-04-24T17:31:51+00:00\",\"mainEntityOfPage\":{\"@id\":\"https:\\\/\\\/easysyndic.be\\\/nl\\\/blog\\\/2020\\\/12\\\/28\\\/algemene-vergaderingen-op-afstand-welke-organisatie\\\/\"},\"wordCount\":6,\"publisher\":{\"@id\":\"https:\\\/\\\/easysyndic.be\\\/nl\\\/#organization\"},\"image\":{\"@id\":\"https:\\\/\\\/easysyndic.be\\\/nl\\\/blog\\\/2020\\\/12\\\/28\\\/algemene-vergaderingen-op-afstand-welke-organisatie\\\/#primaryimage\"},\"thumbnailUrl\":\"https:\\\/\\\/easysyndic.be\\\/wp-content\\\/uploads\\\/2025\\\/03\\\/Algemene-Vergadering-van-de-mede-eigendom-op-afstand.jpg\",\"articleSection\":[\"Legaal\"],\"inLanguage\":\"nl-BE\"},{\"@type\":\"WebPage\",\"@id\":\"https:\\\/\\\/easysyndic.be\\\/nl\\\/blog\\\/2020\\\/12\\\/28\\\/algemene-vergaderingen-op-afstand-welke-organisatie\\\/\",\"url\":\"https:\\\/\\\/easysyndic.be\\\/nl\\\/blog\\\/2020\\\/12\\\/28\\\/algemene-vergaderingen-op-afstand-welke-organisatie\\\/\",\"name\":\"Algemene vergaderingen op afstand: welke organisatie? - Easy Syndic\",\"isPartOf\":{\"@id\":\"https:\\\/\\\/easysyndic.be\\\/nl\\\/#website\"},\"primaryImageOfPage\":{\"@id\":\"https:\\\/\\\/easysyndic.be\\\/nl\\\/blog\\\/2020\\\/12\\\/28\\\/algemene-vergaderingen-op-afstand-welke-organisatie\\\/#primaryimage\"},\"image\":{\"@id\":\"https:\\\/\\\/easysyndic.be\\\/nl\\\/blog\\\/2020\\\/12\\\/28\\\/algemene-vergaderingen-op-afstand-welke-organisatie\\\/#primaryimage\"},\"thumbnailUrl\":\"https:\\\/\\\/easysyndic.be\\\/wp-content\\\/uploads\\\/2025\\\/03\\\/Algemene-Vergadering-van-de-mede-eigendom-op-afstand.jpg\",\"datePublished\":\"2020-12-28T16:30:00+00:00\",\"dateModified\":\"2025-04-24T17:31:51+00:00\",\"description\":\"De Covid-19-beperkingen in Belgi\u00eb hebben het houden van algemene vergaderingen van mede-eigendommen bemoeilijkt.\",\"breadcrumb\":{\"@id\":\"https:\\\/\\\/easysyndic.be\\\/nl\\\/blog\\\/2020\\\/12\\\/28\\\/algemene-vergaderingen-op-afstand-welke-organisatie\\\/#breadcrumb\"},\"inLanguage\":\"nl-BE\",\"potentialAction\":[{\"@type\":\"ReadAction\",\"target\":[\"https:\\\/\\\/easysyndic.be\\\/nl\\\/blog\\\/2020\\\/12\\\/28\\\/algemene-vergaderingen-op-afstand-welke-organisatie\\\/\"]}]},{\"@type\":\"ImageObject\",\"inLanguage\":\"nl-BE\",\"@id\":\"https:\\\/\\\/easysyndic.be\\\/nl\\\/blog\\\/2020\\\/12\\\/28\\\/algemene-vergaderingen-op-afstand-welke-organisatie\\\/#primaryimage\",\"url\":\"https:\\\/\\\/easysyndic.be\\\/wp-content\\\/uploads\\\/2025\\\/03\\\/Algemene-Vergadering-van-de-mede-eigendom-op-afstand.jpg\",\"contentUrl\":\"https:\\\/\\\/easysyndic.be\\\/wp-content\\\/uploads\\\/2025\\\/03\\\/Algemene-Vergadering-van-de-mede-eigendom-op-afstand.jpg\",\"width\":5948,\"height\":3965},{\"@type\":\"BreadcrumbList\",\"@id\":\"https:\\\/\\\/easysyndic.be\\\/nl\\\/blog\\\/2020\\\/12\\\/28\\\/algemene-vergaderingen-op-afstand-welke-organisatie\\\/#breadcrumb\",\"itemListElement\":[{\"@type\":\"ListItem\",\"position\":1,\"name\":\"Home\",\"item\":\"https:\\\/\\\/easysyndic.be\\\/nl\\\/\"},{\"@type\":\"ListItem\",\"position\":2,\"name\":\"Legaal\",\"item\":\"https:\\\/\\\/easysyndic.be\\\/nl\\\/actualites\\\/tag\\\/legaal\\\/\"},{\"@type\":\"ListItem\",\"position\":3,\"name\":\"Algemene vergaderingen op afstand: welke organisatie?\"}]},{\"@type\":\"WebSite\",\"@id\":\"https:\\\/\\\/easysyndic.be\\\/nl\\\/#website\",\"url\":\"https:\\\/\\\/easysyndic.be\\\/nl\\\/\",\"name\":\"Easy Syndic\",\"description\":\"You live, we care\",\"publisher\":{\"@id\":\"https:\\\/\\\/easysyndic.be\\\/nl\\\/#organization\"},\"alternateName\":\"Easysyndic\",\"potentialAction\":[{\"@type\":\"SearchAction\",\"target\":{\"@type\":\"EntryPoint\",\"urlTemplate\":\"https:\\\/\\\/easysyndic.be\\\/nl\\\/?s={search_term_string}\"},\"query-input\":{\"@type\":\"PropertyValueSpecification\",\"valueRequired\":true,\"valueName\":\"search_term_string\"}}],\"inLanguage\":\"nl-BE\"},{\"@type\":\"Organization\",\"@id\":\"https:\\\/\\\/easysyndic.be\\\/nl\\\/#organization\",\"name\":\"Easy Syndic\",\"alternateName\":\"Easysyndic\",\"url\":\"https:\\\/\\\/easysyndic.be\\\/nl\\\/\",\"logo\":{\"@type\":\"ImageObject\",\"inLanguage\":\"nl-BE\",\"@id\":\"https:\\\/\\\/easysyndic.be\\\/nl\\\/#\\\/schema\\\/logo\\\/image\\\/\",\"url\":\"https:\\\/\\\/easysyndic.be\\\/wp-content\\\/uploads\\\/2025\\\/06\\\/logo.svg\",\"contentUrl\":\"https:\\\/\\\/easysyndic.be\\\/wp-content\\\/uploads\\\/2025\\\/06\\\/logo.svg\",\"width\":1,\"height\":1,\"caption\":\"Easy Syndic\"},\"image\":{\"@id\":\"https:\\\/\\\/easysyndic.be\\\/nl\\\/#\\\/schema\\\/logo\\\/image\\\/\"},\"sameAs\":[\"https:\\\/\\\/www.facebook.com\\\/easysyndic\\\/?locale=fr_FR\",\"https:\\\/\\\/www.instagram.com\\\/easysyndic.be\\\/\"]},{\"@type\":\"Person\",\"@id\":\"https:\\\/\\\/easysyndic.be\\\/nl\\\/#\\\/schema\\\/person\\\/fea918d4a881a7ecf3c03b95dd623ba9\",\"name\":\"cecilehabran\",\"image\":{\"@type\":\"ImageObject\",\"inLanguage\":\"nl-BE\",\"@id\":\"https:\\\/\\\/secure.gravatar.com\\\/avatar\\\/186d8a5df78c0a357b104c2aefcca9dd3a3ca3a020f168cef58febbbe0e9f90f?s=96&d=mm&r=g\",\"url\":\"https:\\\/\\\/secure.gravatar.com\\\/avatar\\\/186d8a5df78c0a357b104c2aefcca9dd3a3ca3a020f168cef58febbbe0e9f90f?s=96&d=mm&r=g\",\"contentUrl\":\"https:\\\/\\\/secure.gravatar.com\\\/avatar\\\/186d8a5df78c0a357b104c2aefcca9dd3a3ca3a020f168cef58febbbe0e9f90f?s=96&d=mm&r=g\",\"caption\":\"cecilehabran\"},\"sameAs\":[\"https:\\\/\\\/easysyndic.be\"]}]}<\/script>\n<!-- \/ Yoast SEO plugin. -->","yoast_head_json":{"title":"Algemene vergaderingen op afstand: welke organisatie? - Easy Syndic","description":"De Covid-19-beperkingen in Belgi\u00eb hebben het houden van algemene vergaderingen van mede-eigendommen bemoeilijkt.","robots":{"index":"index","follow":"follow","max-snippet":"max-snippet:-1","max-image-preview":"max-image-preview:large","max-video-preview":"max-video-preview:-1"},"canonical":"https:\/\/easysyndic.be\/nl\/blog\/2020\/12\/28\/algemene-vergaderingen-op-afstand-welke-organisatie\/","og_locale":"nl_BE","og_type":"article","og_title":"Enseigne commerciale sur la fa\u00e7ade d'une copropri\u00e9t\u00e9 : comment faire ?","og_description":"De Covid-19-beperkingen in Belgi\u00eb hebben het houden van algemene vergaderingen van mede-eigendommen bemoeilijkt.","og_url":"https:\/\/easysyndic.be\/nl\/blog\/2020\/12\/28\/algemene-vergaderingen-op-afstand-welke-organisatie\/","og_site_name":"Easy Syndic","article_publisher":"https:\/\/www.facebook.com\/easysyndic\/?locale=fr_FR","article_published_time":"2020-12-28T16:30:00+00:00","article_modified_time":"2025-04-24T17:31:51+00:00","og_image":[{"url":"https:\/\/easysyndic.be\/wp-content\/uploads\/2025\/03\/Algemene-Vergadering-van-de-mede-eigendom-op-afstand.jpg","width":1024,"height":683,"type":"image\/jpeg"}],"author":"cecilehabran","twitter_card":"summary_large_image","twitter_title":"Enseigne commerciale sur la fa\u00e7ade d'une copropri\u00e9t\u00e9 : comment faire ?","twitter_misc":{"Geschreven door":"cecilehabran"},"schema":{"@context":"https:\/\/schema.org","@graph":[{"@type":"Article","@id":"https:\/\/easysyndic.be\/nl\/blog\/2020\/12\/28\/algemene-vergaderingen-op-afstand-welke-organisatie\/#article","isPartOf":{"@id":"https:\/\/easysyndic.be\/nl\/blog\/2020\/12\/28\/algemene-vergaderingen-op-afstand-welke-organisatie\/"},"author":{"name":"cecilehabran","@id":"https:\/\/easysyndic.be\/nl\/#\/schema\/person\/fea918d4a881a7ecf3c03b95dd623ba9"},"headline":"Algemene vergaderingen op afstand: welke organisatie?","datePublished":"2020-12-28T16:30:00+00:00","dateModified":"2025-04-24T17:31:51+00:00","mainEntityOfPage":{"@id":"https:\/\/easysyndic.be\/nl\/blog\/2020\/12\/28\/algemene-vergaderingen-op-afstand-welke-organisatie\/"},"wordCount":6,"publisher":{"@id":"https:\/\/easysyndic.be\/nl\/#organization"},"image":{"@id":"https:\/\/easysyndic.be\/nl\/blog\/2020\/12\/28\/algemene-vergaderingen-op-afstand-welke-organisatie\/#primaryimage"},"thumbnailUrl":"https:\/\/easysyndic.be\/wp-content\/uploads\/2025\/03\/Algemene-Vergadering-van-de-mede-eigendom-op-afstand.jpg","articleSection":["Legaal"],"inLanguage":"nl-BE"},{"@type":"WebPage","@id":"https:\/\/easysyndic.be\/nl\/blog\/2020\/12\/28\/algemene-vergaderingen-op-afstand-welke-organisatie\/","url":"https:\/\/easysyndic.be\/nl\/blog\/2020\/12\/28\/algemene-vergaderingen-op-afstand-welke-organisatie\/","name":"Algemene vergaderingen op afstand: welke organisatie? - Easy Syndic","isPartOf":{"@id":"https:\/\/easysyndic.be\/nl\/#website"},"primaryImageOfPage":{"@id":"https:\/\/easysyndic.be\/nl\/blog\/2020\/12\/28\/algemene-vergaderingen-op-afstand-welke-organisatie\/#primaryimage"},"image":{"@id":"https:\/\/easysyndic.be\/nl\/blog\/2020\/12\/28\/algemene-vergaderingen-op-afstand-welke-organisatie\/#primaryimage"},"thumbnailUrl":"https:\/\/easysyndic.be\/wp-content\/uploads\/2025\/03\/Algemene-Vergadering-van-de-mede-eigendom-op-afstand.jpg","datePublished":"2020-12-28T16:30:00+00:00","dateModified":"2025-04-24T17:31:51+00:00","description":"De Covid-19-beperkingen in Belgi\u00eb hebben het houden van algemene vergaderingen van mede-eigendommen bemoeilijkt.","breadcrumb":{"@id":"https:\/\/easysyndic.be\/nl\/blog\/2020\/12\/28\/algemene-vergaderingen-op-afstand-welke-organisatie\/#breadcrumb"},"inLanguage":"nl-BE","potentialAction":[{"@type":"ReadAction","target":["https:\/\/easysyndic.be\/nl\/blog\/2020\/12\/28\/algemene-vergaderingen-op-afstand-welke-organisatie\/"]}]},{"@type":"ImageObject","inLanguage":"nl-BE","@id":"https:\/\/easysyndic.be\/nl\/blog\/2020\/12\/28\/algemene-vergaderingen-op-afstand-welke-organisatie\/#primaryimage","url":"https:\/\/easysyndic.be\/wp-content\/uploads\/2025\/03\/Algemene-Vergadering-van-de-mede-eigendom-op-afstand.jpg","contentUrl":"https:\/\/easysyndic.be\/wp-content\/uploads\/2025\/03\/Algemene-Vergadering-van-de-mede-eigendom-op-afstand.jpg","width":5948,"height":3965},{"@type":"BreadcrumbList","@id":"https:\/\/easysyndic.be\/nl\/blog\/2020\/12\/28\/algemene-vergaderingen-op-afstand-welke-organisatie\/#breadcrumb","itemListElement":[{"@type":"ListItem","position":1,"name":"Home","item":"https:\/\/easysyndic.be\/nl\/"},{"@type":"ListItem","position":2,"name":"Legaal","item":"https:\/\/easysyndic.be\/nl\/actualites\/tag\/legaal\/"},{"@type":"ListItem","position":3,"name":"Algemene vergaderingen op afstand: welke organisatie?"}]},{"@type":"WebSite","@id":"https:\/\/easysyndic.be\/nl\/#website","url":"https:\/\/easysyndic.be\/nl\/","name":"Easy Syndic","description":"You live, we care","publisher":{"@id":"https:\/\/easysyndic.be\/nl\/#organization"},"alternateName":"Easysyndic","potentialAction":[{"@type":"SearchAction","target":{"@type":"EntryPoint","urlTemplate":"https:\/\/easysyndic.be\/nl\/?s={search_term_string}"},"query-input":{"@type":"PropertyValueSpecification","valueRequired":true,"valueName":"search_term_string"}}],"inLanguage":"nl-BE"},{"@type":"Organization","@id":"https:\/\/easysyndic.be\/nl\/#organization","name":"Easy Syndic","alternateName":"Easysyndic","url":"https:\/\/easysyndic.be\/nl\/","logo":{"@type":"ImageObject","inLanguage":"nl-BE","@id":"https:\/\/easysyndic.be\/nl\/#\/schema\/logo\/image\/","url":"https:\/\/easysyndic.be\/wp-content\/uploads\/2025\/06\/logo.svg","contentUrl":"https:\/\/easysyndic.be\/wp-content\/uploads\/2025\/06\/logo.svg","width":1,"height":1,"caption":"Easy Syndic"},"image":{"@id":"https:\/\/easysyndic.be\/nl\/#\/schema\/logo\/image\/"},"sameAs":["https:\/\/www.facebook.com\/easysyndic\/?locale=fr_FR","https:\/\/www.instagram.com\/easysyndic.be\/"]},{"@type":"Person","@id":"https:\/\/easysyndic.be\/nl\/#\/schema\/person\/fea918d4a881a7ecf3c03b95dd623ba9","name":"cecilehabran","image":{"@type":"ImageObject","inLanguage":"nl-BE","@id":"https:\/\/secure.gravatar.com\/avatar\/186d8a5df78c0a357b104c2aefcca9dd3a3ca3a020f168cef58febbbe0e9f90f?s=96&d=mm&r=g","url":"https:\/\/secure.gravatar.com\/avatar\/186d8a5df78c0a357b104c2aefcca9dd3a3ca3a020f168cef58febbbe0e9f90f?s=96&d=mm&r=g","contentUrl":"https:\/\/secure.gravatar.com\/avatar\/186d8a5df78c0a357b104c2aefcca9dd3a3ca3a020f168cef58febbbe0e9f90f?s=96&d=mm&r=g","caption":"cecilehabran"},"sameAs":["https:\/\/easysyndic.be"]}]}},"_links":{"self":[{"href":"https:\/\/easysyndic.be\/nl\/wp-json\/wp\/v2\/posts\/4497","targetHints":{"allow":["GET"]}}],"collection":[{"href":"https:\/\/easysyndic.be\/nl\/wp-json\/wp\/v2\/posts"}],"about":[{"href":"https:\/\/easysyndic.be\/nl\/wp-json\/wp\/v2\/types\/post"}],"author":[{"embeddable":true,"href":"https:\/\/easysyndic.be\/nl\/wp-json\/wp\/v2\/users\/1"}],"replies":[{"embeddable":true,"href":"https:\/\/easysyndic.be\/nl\/wp-json\/wp\/v2\/comments?post=4497"}],"version-history":[{"count":2,"href":"https:\/\/easysyndic.be\/nl\/wp-json\/wp\/v2\/posts\/4497\/revisions"}],"predecessor-version":[{"id":7228,"href":"https:\/\/easysyndic.be\/nl\/wp-json\/wp\/v2\/posts\/4497\/revisions\/7228"}],"wp:featuredmedia":[{"embeddable":true,"href":"https:\/\/easysyndic.be\/nl\/wp-json\/wp\/v2\/media\/966"}],"wp:attachment":[{"href":"https:\/\/easysyndic.be\/nl\/wp-json\/wp\/v2\/media?parent=4497"}],"wp:term":[{"taxonomy":"category","embeddable":true,"href":"https:\/\/easysyndic.be\/nl\/wp-json\/wp\/v2\/categories?post=4497"}],"curies":[{"name":"wp","href":"https:\/\/api.w.org\/{rel}","templated":true}]}}